{"id":18,"date":"2007-04-14T22:09:42","date_gmt":"2007-04-14T21:09:42","guid":{"rendered":"http:\/\/www.lerdell.com\/2007\/omvarldsbevakning\/centrala-bi-avdelningar-vs-medarbetaren-som-omvarldsbevakare\/"},"modified":"2007-04-14T22:09:42","modified_gmt":"2007-04-14T21:09:42","slug":"centrala-bi-avdelningar-vs-medarbetaren-som-omvarldsbevakare","status":"publish","type":"post","link":"https:\/\/lerdell.com\/ledarskap\/centrala-bi-avdelningar-vs-medarbetaren-som-omvarldsbevakare\/","title":{"rendered":"Centrala BI-avdelningar vs. medarbetaren som omv\u00e4rldsbevakare"},"content":{"rendered":"<p>Tidigare i v\u00e5ras anordnade Gartner sitt \u00e5terkommande &#8220;<a target=\"_blank\" href=\"http:\/\/www.gartner.com\/2_events\/conferences\/bi5.jsp\" rel=\"noopener noreferrer\">Business Intelligence Summit<\/a>&#8221; i London, d\u00e4r man bland annat diskuterade framtiden f\u00f6r Business Intelligence. Bloggaren <a target=\"_blank\" href=\"http:\/\/www.b-eye-network.com\/blogs\/rogers\/archives\/2007\/03\/top_10_insights.php?\" rel=\"noopener noreferrer\">Shawn Rogers sammanfattade konferensen i 10 punkter<\/a>, d\u00e4r de mest intressanta iakttagelserna var:<\/p>\n<ul>\n<li>Business Intelligence\/Omv\u00e4rldsbevakning tar &#8220;steget&#8221; fullt ut och blir en separat organisatorisk funktion, likt HR eller marknadsf\u00f6ring.<\/li>\n<li>Marknaden f\u00f6r BI kommer att v\u00e4xa mycket starkt under det n\u00e4rmaste decenniet, vilket kommer att leda till att allt fler \u00e4gnar sig \u00e5t omv\u00e4rldsbevakning p\u00e5 ett eller annat s\u00e4tt.<\/li>\n<li>2010 kommer mer \u00e4n h\u00e4lften av de st\u00f6rsta f\u00f6retagen i v\u00e4rlden att ha etablerat &#8220;BI Competency Centers&#8221;<\/li>\n<li>Dessa omv\u00e4rldsbevakningscentra kommer att utg\u00f6ra k\u00e4rnan f\u00f6r spridningen av BI-arbetet ut i hela f\u00f6retaget \/ organisationen.<\/li>\n<li>Det g\u00e5r dock inte att bara k\u00f6pa p\u00e5 sig denna kompetens, den m\u00e5ste inf\u00f6rlivas i organisationens strategi och kultur<\/li>\n<\/ul>\n<p>Det \u00e4r ju den inneboende sp\u00e4nningen mellan att inr\u00e4tta separata funktioner\/avdelningar f\u00f6r omv\u00e4rldsbevakningsarbetet och att samtidigt f\u00e5 samtliga medarbetare att bli omv\u00e4rldsbevakare som \u00e4r den stora utmaningen f\u00f6r ett lyckat BI-arbete. Det handlar om att skapa s\u00e5v\u00e4l specialistkompetens som en generell f\u00f6rst\u00e5else av vikten av omv\u00e4rldsbevakning f\u00f6r att undvika att BI-arbetet resulterar i ytterligare kilometrar av hyllv\u00e4rmare med rapporter och information som aldrig kommer till anv\u00e4ndning i vare sig ledningens strategiska verksamhet eller organisationens vardagliga arbete.<\/p>\n","protected":false},"excerpt":{"rendered":"<p>Tidigare i v\u00e5ras anordnade Gartner sitt \u00e5terkommande &#8220;Business Intelligence Summit&#8221; [&hellip;]<\/p>\n","protected":false},"author":1,"featured_media":0,"comment_status":"closed","ping_status":"open","sticky":false,"template":"","format":"standard","meta":[],"categories":[189,232],"tags":[614,665],"_links":{"self":[{"href":"https:\/\/lerdell.com\/wp-json\/wp\/v2\/posts\/18"}],"collection":[{"href":"https:\/\/lerdell.com\/wp-json\/wp\/v2\/posts"}],"about":[{"href":"https:\/\/lerdell.com\/wp-json\/wp\/v2\/types\/post"}],"author":[{"embeddable":true,"href":"https:\/\/lerdell.com\/wp-json\/wp\/v2\/users\/1"}],"replies":[{"embeddable":true,"href":"https:\/\/lerdell.com\/wp-json\/wp\/v2\/comments?post=18"}],"version-history":[{"count":0,"href":"https:\/\/lerdell.com\/wp-json\/wp\/v2\/posts\/18\/revisions"}],"wp:attachment":[{"href":"https:\/\/lerdell.com\/wp-json\/wp\/v2\/media?parent=18"}],"wp:term":[{"taxonomy":"category","embeddable":true,"href":"https:\/\/lerdell.com\/wp-json\/wp\/v2\/categories?post=18"},{"taxonomy":"post_tag","embeddable":true,"href":"https:\/\/lerdell.com\/wp-json\/wp\/v2\/tags?post=18"}],"curies":[{"name":"wp","href":"https:\/\/api.w.org\/{rel}","templated":true}]}}