{"id":20,"date":"2007-05-18T22:13:19","date_gmt":"2007-05-18T21:13:19","guid":{"rendered":"http:\/\/www.lerdell.com\/2007\/internetbevakning\/overvakarna-overvakas\/"},"modified":"2007-05-18T22:13:19","modified_gmt":"2007-05-18T21:13:19","slug":"overvakarna-overvakas","status":"publish","type":"post","link":"https:\/\/lerdell.com\/internetbevakning\/overvakarna-overvakas\/","title":{"rendered":"\u00d6vervakarna \u00f6vervakas"},"content":{"rendered":"<p><a target=\"_blank\" href=\"http:\/\/www.idg.se\/2.1085\/1.107720\" rel=\"noopener noreferrer\">IDG<\/a> &#8211; och Tomas Gils\u00e5 &#8211; gjorde mig uppm\u00e4rksam p\u00e5 gnuheters tj\u00e4nst <a target=\"_blank\" href=\"http:\/\/gnuheter.com\/creeper\/index\" rel=\"noopener noreferrer\">Creeper<\/a> som \u00e4r &#8220;ett enkelt \u00f6vervakningssystem f\u00f6r den allm\u00e4nhet som vill kunna se vad v\u00e5ra svenska myndigheter, milit\u00e4r och politiska partier \u00e4r ute och letar efter f\u00f6r information p\u00e5 det svenska Internet&#8221;.<\/p>\n<p>Tanken \u00e4r att man l\u00e4gger upp en liten r\u00e4knare\/\u00f6vervakare p\u00e5 den egna sidan, som vidarebefordrar bes\u00f6ksdata till Creeper &#8211; som i sin tur g\u00f6r denna information tillg\u00e4nglig f\u00f6r allm\u00e4nheten via en \u00f6ppen loggfil.<\/p>\n<p>Vid f\u00f6rsta anblick skulle d\u00e5 detta vara ett fiffigt svar p\u00e5 den klassiska fr\u00e5gan &#8220;Vem ska \u00f6vervaka \u00f6vervakarna?&#8221; &#8211; men f\u00f6r det f\u00f6rsta s\u00e5 handlar ju knappast all trafik fr\u00e5n myndigheternas sida om \u00f6vervakning, f\u00f6r det andra s\u00e5 f\u00e5r man v\u00e4l hoppas att v\u00e5ra tillsynsmyndigheter inte alltid flaggar helt \u00f6ppet med var de kommer fr\u00e5n i sitt \u00f6vervakningsarbete.<\/p>\n<p>I sammanhanget kan konstateras att FRA verkar ha anlitat en PR-byr\u00e5 som kommit med en intressant l\u00f6sning p\u00e5 hur myndigheten ska bem\u00f6ta kritik mot den egna organisationen &#8211; n\u00e4mligen genom sidan &#8220;<a target=\"_blank\" href=\"http:\/\/www.fra.se\/bibliotek_klartextarkiv.shtml\" rel=\"noopener noreferrer\">Klartext<\/a>&#8221; d\u00e4r man fr\u00e5n FRA g\u00e5r till direkt konfrontation mot sina meningsmotst\u00e5ndare. <a target=\"_blank\" href=\"http:\/\/www.fra.se\/klartext-0006.shtml\" rel=\"noopener noreferrer\">I skrivande stund<\/a> toppas dock Klartext av att man klappar media p\u00e5 ryggen och <a target=\"_blank\" href=\"http:\/\/www.dn.se\/DNet\/jsp\/polopoly.jsp?d=577&amp;a=648676\" rel=\"noopener noreferrer\">ber\u00f6mmer DNs Niklas Ekdal<\/a> som uttryckt f\u00f6rst\u00e5else f\u00f6r FRAs verksamhet.<\/p>\n","protected":false},"excerpt":{"rendered":"<p>IDG &#8211; och Tomas Gils\u00e5 &#8211; gjorde mig uppm\u00e4rksam p\u00e5 [&hellip;]<\/p>\n","protected":false},"author":1,"featured_media":0,"comment_status":"closed","ping_status":"open","sticky":false,"template":"","format":"standard","meta":[],"categories":[148,373],"tags":[568,835],"_links":{"self":[{"href":"https:\/\/lerdell.com\/wp-json\/wp\/v2\/posts\/20"}],"collection":[{"href":"https:\/\/lerdell.com\/wp-json\/wp\/v2\/posts"}],"about":[{"href":"https:\/\/lerdell.com\/wp-json\/wp\/v2\/types\/post"}],"author":[{"embeddable":true,"href":"https:\/\/lerdell.com\/wp-json\/wp\/v2\/users\/1"}],"replies":[{"embeddable":true,"href":"https:\/\/lerdell.com\/wp-json\/wp\/v2\/comments?post=20"}],"version-history":[{"count":0,"href":"https:\/\/lerdell.com\/wp-json\/wp\/v2\/posts\/20\/revisions"}],"wp:attachment":[{"href":"https:\/\/lerdell.com\/wp-json\/wp\/v2\/media?parent=20"}],"wp:term":[{"taxonomy":"category","embeddable":true,"href":"https:\/\/lerdell.com\/wp-json\/wp\/v2\/categories?post=20"},{"taxonomy":"post_tag","embeddable":true,"href":"https:\/\/lerdell.com\/wp-json\/wp\/v2\/tags?post=20"}],"curies":[{"name":"wp","href":"https:\/\/api.w.org\/{rel}","templated":true}]}}