{"id":21,"date":"2007-05-29T22:15:06","date_gmt":"2007-05-29T21:15:06","guid":{"rendered":"http:\/\/www.lerdell.com\/2007\/pr\/svenska-pr-byraer-daliga-pa-bloggbevakning\/"},"modified":"2007-05-29T22:15:06","modified_gmt":"2007-05-29T21:15:06","slug":"svenska-pr-byraer-daliga-pa-bloggbevakning","status":"publish","type":"post","link":"https:\/\/lerdell.com\/internetbevakning\/svenska-pr-byraer-daliga-pa-bloggbevakning\/","title":{"rendered":"Svenska PR-byr\u00e5er d\u00e5liga p\u00e5 bloggbevakning"},"content":{"rendered":"<p class=\"entry-content\">\n<p class=\"entry-body\">I en artikel i Dagens Industri omn\u00e4mns ett bes\u00f6k av chefen f\u00f6r PR-n\u00e4tverket GCI, Jeff Hunt, s\u00e4gs:<\/p>\n<blockquote dir=\"ltr\"><p>&#8220;De tv\u00e5 starkaste trenderna inom marknadsf\u00f6ring \u00e4r s\u00f6kning p\u00e5 n\u00e4tet och mun-till-mun-kommunikation &#8212; f\u00f6retag <div class=\"fusion-fullwidth fullwidth-box fusion-builder-row-1 hundred-percent-fullwidth non-hundred-percent-height-scrolling\" style=\"--awb-border-radius-top-left:0px;--awb-border-radius-top-right:0px;--awb-border-radius-bottom-right:0px;--awb-border-radius-bottom-left:0px;--awb-overflow:visible;\" ><div class=\"fusion-builder-row fusion-row\"><div class=\"fusion-layout-column fusion_builder_column fusion-builder-column-0 fusion_builder_column_1_1 1_1 fusion-one-full fusion-column-first fusion-column-last fusion-column-no-min-height\" style=\"--awb-bg-size:cover;--awb-margin-bottom:0px;\"><div class=\"fusion-column-wrapper fusion-flex-column-wrapper-legacy\">[m\u00e5ste] lyssna p\u00e5 vad som s\u00e4gs p\u00e5 n\u00e4tet om deras produkter och tj\u00e4nster.&#8221;<\/p><\/blockquote>\n<p>Jag inst\u00e4mmer helt, och inst\u00e4mmer delvis i konstaterandet att &#8220;n\u00e4r det g\u00e4ller sociala medier ligger svenska PR-byr\u00e5er l\u00e5ngt efter [USA]&#8221;. Visserligen ligger Sverige efter USA, men i ett europeiskt perspektiv ser det b\u00e4ttre ut.<\/p>\n<p>Dessutom finns det ju <a target=\"_blank\" href=\"http:\/\/www.lerdell.com\/\" rel=\"noopener noreferrer\">akt\u00f6rer som erbjudit s\u00f6k-PR ett bra tag<\/a> nu&#8230;<a target=\"_blank\" href=\"http:\/\/www.lerdell.com\/Kontakt.html\" rel=\"noopener noreferrer\">kontakta mig<\/a> s\u00e5 ber\u00e4ttar jag mer om hur vi jobbar med budskap, spridning, s\u00f6kmotorsmarknadsf\u00f6ring, bloggar, RSS och pressmeddelanden &#8211; kompletterat av marknadsledande Internetbevakning och omv\u00e4rldsbevakning f\u00f6r att utv\u00e4rdera effekten av v\u00e5ra klienters PR-kampanjer.<\/p>\n<p>Att s\u00f6ka \u00e4r att kommunicera.<\/p>\n<p><!-- technorati tags --><div class=\"fusion-clearfix\"><\/div><\/div><\/div><\/div><\/div><\/p>\n","protected":false},"excerpt":{"rendered":"<p>I en artikel i Dagens Industri omn\u00e4mns ett bes\u00f6k av [&hellip;]<\/p>\n","protected":false},"author":1,"featured_media":0,"comment_status":"closed","ping_status":"open","sticky":false,"template":"","format":"standard","meta":[],"categories":[148,268,336],"tags":[568,708,761,788],"_links":{"self":[{"href":"https:\/\/lerdell.com\/wp-json\/wp\/v2\/posts\/21"}],"collection":[{"href":"https:\/\/lerdell.com\/wp-json\/wp\/v2\/posts"}],"about":[{"href":"https:\/\/lerdell.com\/wp-json\/wp\/v2\/types\/post"}],"author":[{"embeddable":true,"href":"https:\/\/lerdell.com\/wp-json\/wp\/v2\/users\/1"}],"replies":[{"embeddable":true,"href":"https:\/\/lerdell.com\/wp-json\/wp\/v2\/comments?post=21"}],"version-history":[{"count":0,"href":"https:\/\/lerdell.com\/wp-json\/wp\/v2\/posts\/21\/revisions"}],"wp:attachment":[{"href":"https:\/\/lerdell.com\/wp-json\/wp\/v2\/media?parent=21"}],"wp:term":[{"taxonomy":"category","embeddable":true,"href":"https:\/\/lerdell.com\/wp-json\/wp\/v2\/categories?post=21"},{"taxonomy":"post_tag","embeddable":true,"href":"https:\/\/lerdell.com\/wp-json\/wp\/v2\/tags?post=21"}],"curies":[{"name":"wp","href":"https:\/\/api.w.org\/{rel}","templated":true}]}}