{"id":25,"date":"2007-05-09T22:33:10","date_gmt":"2007-05-09T21:33:10","guid":{"rendered":"http:\/\/www.lerdell.com\/2007\/omvarldsbevakning\/insandare-ett-sverige-i-den-nya-tiden\/"},"modified":"2007-05-09T22:33:10","modified_gmt":"2007-05-09T21:33:10","slug":"insandare-ett-sverige-i-den-nya-tiden","status":"publish","type":"post","link":"https:\/\/lerdell.com\/krisberedskap\/insandare-ett-sverige-i-den-nya-tiden\/","title":{"rendered":"Ins\u00e4ndare: \"Ett Sverige i den nya tiden\""},"content":{"rendered":"<p>Lerdell: Intressant iakttagelse i dagens Gotlands Tidningar:<\/p>\n<blockquote dir=\"ltr\">\n<p style=\"margin-right: 0px\" dir=\"ltr\">&#8220;Omv\u00e4rldsbevakning k\u00e4nns som en naturlig del i ett regeringskansli. Men n\u00e5gonstans har de senaste \u00e5rens regeringar satsat mer p\u00e5 presstj\u00e4nst \u00e4n p\u00e5 m\u00e4nniskor som kan planera l\u00e5ngsiktigt eller h\u00e5lla koll p\u00e5 omv\u00e4rlden.&#8221;<\/p>\n<\/blockquote>\n<p style=\"margin-right: 0px\" dir=\"ltr\">K\u00e4lla: Stina Morian, Gotlands Tidningar, <a href=\"http:\/\/www.gotlandsallehanda.se\/GEN_Utmatning.asp?ArticleID=1518692\"><font color=\"#636973\">http:\/\/www.gotlandsallehanda.se\/GEN_Utmatning.asp?ArticleID=1518692<\/font><\/a><\/p>\n","protected":false},"excerpt":{"rendered":"<p>Lerdell: Intressant iakttagelse i dagens Gotlands Tidningar: &#8220;Omv\u00e4rldsbevakning k\u00e4nns som [&hellip;]<\/p>\n","protected":false},"author":1,"featured_media":0,"comment_status":"closed","ping_status":"open","sticky":false,"template":"","format":"standard","meta":[],"categories":[182,207,225,230,232,275],"tags":[607,632,657,660,662,665,715],"_links":{"self":[{"href":"https:\/\/lerdell.com\/wp-json\/wp\/v2\/posts\/25"}],"collection":[{"href":"https:\/\/lerdell.com\/wp-json\/wp\/v2\/posts"}],"about":[{"href":"https:\/\/lerdell.com\/wp-json\/wp\/v2\/types\/post"}],"author":[{"embeddable":true,"href":"https:\/\/lerdell.com\/wp-json\/wp\/v2\/users\/1"}],"replies":[{"embeddable":true,"href":"https:\/\/lerdell.com\/wp-json\/wp\/v2\/comments?post=25"}],"version-history":[{"count":0,"href":"https:\/\/lerdell.com\/wp-json\/wp\/v2\/posts\/25\/revisions"}],"wp:attachment":[{"href":"https:\/\/lerdell.com\/wp-json\/wp\/v2\/media?parent=25"}],"wp:term":[{"taxonomy":"category","embeddable":true,"href":"https:\/\/lerdell.com\/wp-json\/wp\/v2\/categories?post=25"},{"taxonomy":"post_tag","embeddable":true,"href":"https:\/\/lerdell.com\/wp-json\/wp\/v2\/tags?post=25"}],"curies":[{"name":"wp","href":"https:\/\/api.w.org\/{rel}","templated":true}]}}