{"id":26,"date":"2007-05-13T22:37:13","date_gmt":"2007-05-13T21:37:13","guid":{"rendered":"http:\/\/www.lerdell.com\/2007\/omvarldsbevakning\/natverk-for-omvarldsbevakare\/"},"modified":"2007-05-13T22:37:13","modified_gmt":"2007-05-13T21:37:13","slug":"natverk-for-omvarldsbevakare","status":"publish","type":"post","link":"https:\/\/lerdell.com\/offentlig-sektor\/natverk-for-omvarldsbevakare\/","title":{"rendered":"N\u00e4tverk f\u00f6r omv\u00e4rldsbevakare"},"content":{"rendered":"<p>Om n\u00e5gon vecka sammanstr\u00e5lar &#8220;<a href=\"http:\/\/www.verva.se\/web\/t\/Page____4473.aspx\"><font color=\"#636973\">N\u00e4tverket f\u00f6r omv\u00e4rldsbevakare<\/font><\/a>&#8221; &#8211; samordnat av Verva &#8211; i samband med konferensen &#8220;<a href=\"http:\/\/www.offentligarummet.se\/\"><font color=\"#636973\">Offentliga rummet<\/font><\/a>&#8220;.<\/p>\n<p>P\u00e5 agendan st\u00e5r bland annat &#8220;Globalisering och EU-medlemskap&#8221; samt det n\u00e5got mer kryptiska &#8220;Arkitektur f\u00f6r varum\u00e4rket F\u00f6r Sverige i FramTiden&#8221;, d\u00e4r man ska diskutera den &#8220;internetska allemansr\u00e4tten&#8221;. Vid sidan av ett kreativt spr\u00e5k verkar det som man har ambitionen att strama upp det offentliga Sveriges p\u00e5 webben. Intressant. Inte utan att man skulle vilja vara en fluga p\u00e5 v\u00e4ggen n\u00e4r &#8220;wibbarna fr\u00e5n webbarna ger ahaupplevelse(r)&#8221; ska diskuteras.<\/p>\n","protected":false},"excerpt":{"rendered":"<p>Om n\u00e5gon vecka sammanstr\u00e5lar &#8220;N\u00e4tverket f\u00f6r omv\u00e4rldsbevakare&#8221; &#8211; samordnat av [&hellip;]<\/p>\n","protected":false},"author":1,"featured_media":0,"comment_status":"closed","ping_status":"open","sticky":false,"template":"","format":"standard","meta":[],"categories":[228,230,232,275],"tags":[660,662,665,715],"_links":{"self":[{"href":"https:\/\/lerdell.com\/wp-json\/wp\/v2\/posts\/26"}],"collection":[{"href":"https:\/\/lerdell.com\/wp-json\/wp\/v2\/posts"}],"about":[{"href":"https:\/\/lerdell.com\/wp-json\/wp\/v2\/types\/post"}],"author":[{"embeddable":true,"href":"https:\/\/lerdell.com\/wp-json\/wp\/v2\/users\/1"}],"replies":[{"embeddable":true,"href":"https:\/\/lerdell.com\/wp-json\/wp\/v2\/comments?post=26"}],"version-history":[{"count":0,"href":"https:\/\/lerdell.com\/wp-json\/wp\/v2\/posts\/26\/revisions"}],"wp:attachment":[{"href":"https:\/\/lerdell.com\/wp-json\/wp\/v2\/media?parent=26"}],"wp:term":[{"taxonomy":"category","embeddable":true,"href":"https:\/\/lerdell.com\/wp-json\/wp\/v2\/categories?post=26"},{"taxonomy":"post_tag","embeddable":true,"href":"https:\/\/lerdell.com\/wp-json\/wp\/v2\/tags?post=26"}],"curies":[{"name":"wp","href":"https:\/\/api.w.org\/{rel}","templated":true}]}}