{"id":27,"date":"2007-05-18T22:38:53","date_gmt":"2007-05-18T21:38:53","guid":{"rendered":"http:\/\/www.lerdell.com\/2007\/omvarldsbevakning\/omvarldsbevakning-lyfts-fram-som-central-for-nye-sr-chefen\/"},"modified":"2007-05-18T22:38:53","modified_gmt":"2007-05-18T21:38:53","slug":"omvarldsbevakning-lyfts-fram-som-central-for-nye-sr-chefen","status":"publish","type":"post","link":"https:\/\/lerdell.com\/mediebevakning\/omvarldsbevakning-lyfts-fram-som-central-for-nye-sr-chefen\/","title":{"rendered":"Omv\u00e4rldsbevakning lyfts fram som central f\u00f6r nye SR-chefen"},"content":{"rendered":"<p>V\u00e4l medveten om att v\u00e5r Public Service inte ska r\u00e4knas till offentlig sektor i termer av statsradio eller statstelevision, kan jag &#8211; som storkonsument av framf\u00f6rallt SR P1 &#8211; inte avst\u00e5 fr\u00e5n att kommentera de senaste SR-turerna fr\u00e5n ett omv\u00e4rldsperspektiv. (Jag kommer helt enkelt ta mig friheten att kommentera Public Service inom ramen f\u00f6r denna blogg fram\u00f6ver.)<\/p>\n<p>DNs radiokritiker &#8211; tillika \u00d6rn\u00e4tare &#8211; Marie-Louise Samuelsson, sa i Ekot om SRs nytilltr\u00e4dde VD Kerstin Brunnberg att &#8220;hon <div class=\"fusion-fullwidth fullwidth-box fusion-builder-row-1 hundred-percent-fullwidth non-hundred-percent-height-scrolling\" style=\"--awb-border-radius-top-left:0px;--awb-border-radius-top-right:0px;--awb-border-radius-bottom-right:0px;--awb-border-radius-bottom-left:0px;--awb-overflow:visible;\" ><div class=\"fusion-builder-row fusion-row\"><div class=\"fusion-layout-column fusion_builder_column fusion-builder-column-0 fusion_builder_column_1_1 1_1 fusion-one-full fusion-column-first fusion-column-last fusion-column-no-min-height\" style=\"--awb-bg-size:cover;--awb-margin-bottom:0px;\"><div class=\"fusion-column-wrapper fusion-flex-column-wrapper-legacy\">[\u00e4r} en tydlig public servicejournalist. Hon har ett f\u00f6red\u00f6mligt intresse f\u00f6r utrikesbevakning och omv\u00e4rldsbevakning. Det \u00e4r en av public serviceradios v\u00e4sentligaste uppgifter&#8221;<\/p>\n<p>Ytterligare ett exempel p\u00e5 att termen omv\u00e4rldsbevakning intar nya (n\u00e5ja) dom\u00e4ner. Jag h\u00e5ller delvis med men menar f\u00f6r egen del att omv\u00e4rldsbevakning \u00e4r ett mycket vidare begrepp \u00e4n mediebevakning &#8211; och att en god omv\u00e4rldsbevakare skall str\u00e4va efter ett f\u00e5nga ett skede f\u00f6re media, men \u00e4ven f\u00e5nga h\u00e4ndelser som aldrig f\u00e5r utrymme i mediarapporteringen men \u00e4r av stor vikt f\u00f6r den egna verksamheten \u00e4nd\u00e5.<div class=\"fusion-clearfix\"><\/div><\/div><\/div><\/div><\/div><\/p>\n","protected":false},"excerpt":{"rendered":"<p>V\u00e4l medveten om att v\u00e5r Public Service inte ska r\u00e4knas [&hellip;]<\/p>\n","protected":false},"author":1,"featured_media":0,"comment_status":"closed","ping_status":"open","sticky":false,"template":"","format":"standard","meta":[],"categories":[207,225,232],"tags":[632,657,665],"_links":{"self":[{"href":"https:\/\/lerdell.com\/wp-json\/wp\/v2\/posts\/27"}],"collection":[{"href":"https:\/\/lerdell.com\/wp-json\/wp\/v2\/posts"}],"about":[{"href":"https:\/\/lerdell.com\/wp-json\/wp\/v2\/types\/post"}],"author":[{"embeddable":true,"href":"https:\/\/lerdell.com\/wp-json\/wp\/v2\/users\/1"}],"replies":[{"embeddable":true,"href":"https:\/\/lerdell.com\/wp-json\/wp\/v2\/comments?post=27"}],"version-history":[{"count":0,"href":"https:\/\/lerdell.com\/wp-json\/wp\/v2\/posts\/27\/revisions"}],"wp:attachment":[{"href":"https:\/\/lerdell.com\/wp-json\/wp\/v2\/media?parent=27"}],"wp:term":[{"taxonomy":"category","embeddable":true,"href":"https:\/\/lerdell.com\/wp-json\/wp\/v2\/categories?post=27"},{"taxonomy":"post_tag","embeddable":true,"href":"https:\/\/lerdell.com\/wp-json\/wp\/v2\/tags?post=27"}],"curies":[{"name":"wp","href":"https:\/\/api.w.org\/{rel}","templated":true}]}}