{"id":28,"date":"2007-05-29T22:41:03","date_gmt":"2007-05-29T21:41:03","guid":{"rendered":"http:\/\/www.lerdell.com\/2007\/omvarldsbevakning\/omvarldsbevakning-omvarldsanalys-offentlig-sektor-public-investigations\/"},"modified":"2007-05-29T22:41:03","modified_gmt":"2007-05-29T21:41:03","slug":"omvarldsbevakning-omvarldsanalys-offentlig-sektor-public-investigations","status":"publish","type":"post","link":"https:\/\/lerdell.com\/offentlig-sektor\/omvarldsbevakning-omvarldsanalys-offentlig-sektor-public-investigations\/","title":{"rendered":"V\u00e4xj\u00f6s omv\u00e4rldsbevakning"},"content":{"rendered":"<p>Noterar att Planeringsenheten ut\u00f6kas med en halv tj\u00e4nst f\u00f6r omv\u00e4rldsbevakning i den budget som V\u00e4xj\u00f6 kommun presenterar f\u00f6r 2008. Som jag ser det, ytterligare ett tecken p\u00e5 att kommunsverige satsar p\u00e5 att h\u00e5lla koll p\u00e5 omv\u00e4rlden. P\u00e5 <a href=\"http:\/\/www.vaxjo.se\/vaxjo_templates\/Page.aspx?id=342\"><font color=\"#636973\">hemsidan<\/font><\/a> motiverar man satsningen p\u00e5 omv\u00e4rldsbevakning med orden:<\/p>\n<blockquote dir=\"ltr\"><p><span class=\"text\">&#8220;V\u00e4xj\u00f6 p\u00e5verkas allt mer av h\u00e4ndelser utanf\u00f6r Sveriges gr\u00e4nser. Genom att h\u00e5lla en h\u00f6g niv\u00e5 p\u00e5 omv\u00e4rldsbevakning inom f\u00e5r kommunen en god framf\u00f6rh\u00e5llning och kan g\u00f6ra r\u00e4tt investeringar. Detta g\u00e4ller s\u00e5v\u00e4l politisk inriktning som ny teknik och forskning.&#8221;<\/span><\/p><\/blockquote>\n<p><span class=\"text\">Budgeten som s\u00e5dan ger ett v\u00e4ldigt positivt intryck &#8211; vilket inte minst rubriken &#8220;V\u00e4xj\u00f6 v\u00e4xer!&#8221; p\u00e5visar. Och det f\u00e5r \u00e4ven f\u00f6ljder f\u00f6r hur man motiverar satsningen p\u00e5 omv\u00e4rldsanalys i budgeten. Det handlar om att klimatf\u00f6r\u00e4ndringar, energif\u00f6rs\u00f6rjning, fortsatt tillv\u00e4xt, demografiska f\u00f6r\u00e4ndringar, EU m.m. Omv\u00e4rldsarbetet i V\u00e4xj\u00f6 kommun skall:<\/span><\/p>\n<ul>\n<li><span class=\"text\">st\u00e4rka kommunens arbete f\u00f6r en h\u00e5llbar samh\u00e4llsutveckling<\/span><\/li>\n<li><span class=\"text\">rusta och f\u00f6rbereda kommunen p\u00e5 framtida organisations- och strukturomvandlingar<\/span><\/li>\n<li><span class=\"text\">f\u00e5nga upp och initiera spjutspetsprojekt med syfte att st\u00e4rka kommunens regionala roll samt generera nya arbetstillf\u00e4llen<\/span><\/li>\n<\/ul>\n<p><span class=\"text\">Bra skrivningar, men som alltid ska det bli intressant att se vad det verkliga utfallet blir. Att \u00e5stadkomma allt detta p\u00e5 en halvtidsj\u00e4nst \u00e4r naturligtvis en utmaning.<\/span><\/p>\n","protected":false},"excerpt":{"rendered":"<p>Noterar att Planeringsenheten ut\u00f6kas med en halv tj\u00e4nst f\u00f6r omv\u00e4rldsbevakning [&hellip;]<\/p>\n","protected":false},"author":1,"featured_media":0,"comment_status":"closed","ping_status":"open","sticky":false,"template":"","format":"standard","meta":[],"categories":[228,230,232,275],"tags":[660,662,665,715],"_links":{"self":[{"href":"https:\/\/lerdell.com\/wp-json\/wp\/v2\/posts\/28"}],"collection":[{"href":"https:\/\/lerdell.com\/wp-json\/wp\/v2\/posts"}],"about":[{"href":"https:\/\/lerdell.com\/wp-json\/wp\/v2\/types\/post"}],"author":[{"embeddable":true,"href":"https:\/\/lerdell.com\/wp-json\/wp\/v2\/users\/1"}],"replies":[{"embeddable":true,"href":"https:\/\/lerdell.com\/wp-json\/wp\/v2\/comments?post=28"}],"version-history":[{"count":0,"href":"https:\/\/lerdell.com\/wp-json\/wp\/v2\/posts\/28\/revisions"}],"wp:attachment":[{"href":"https:\/\/lerdell.com\/wp-json\/wp\/v2\/media?parent=28"}],"wp:term":[{"taxonomy":"category","embeddable":true,"href":"https:\/\/lerdell.com\/wp-json\/wp\/v2\/categories?post=28"},{"taxonomy":"post_tag","embeddable":true,"href":"https:\/\/lerdell.com\/wp-json\/wp\/v2\/tags?post=28"}],"curies":[{"name":"wp","href":"https:\/\/api.w.org\/{rel}","templated":true}]}}