{"id":30,"date":"2007-05-29T22:44:00","date_gmt":"2007-05-29T21:44:00","guid":{"rendered":"http:\/\/www.lerdell.com\/2007\/omvarldsanalys\/nodvandigt-med-omvarldsanalys-for-kommunala-energibolag\/"},"modified":"2007-05-29T22:44:00","modified_gmt":"2007-05-29T21:44:00","slug":"nodvandigt-med-omvarldsanalys-for-kommunala-energibolag","status":"publish","type":"post","link":"https:\/\/lerdell.com\/offentlig-sektor\/nodvandigt-med-omvarldsanalys-for-kommunala-energibolag\/","title":{"rendered":"N\u00f6dv\u00e4ndigt med omv\u00e4rldsanalys f\u00f6r kommunala energibolag"},"content":{"rendered":"<p>I en <a href=\"http:\/\/www.blt.se\/article\/921966_138-0-0-0\"><font color=\"#636973\">debattartikel i Blekinge L\u00e4ns Tidning (2007-05-29)<\/font><\/a> m\u00e5las kommunal energiproduktion som n\u00e4sta krisbransch, bland annat p\u00e5 grund av bristande resurser, kr\u00e5ngliga elcertifikat och en okontrollerad etablering av kraftv\u00e4rmeverk.<\/p>\n<p>Energianalytikern Thomas Karlsson lyfter fram behovet av en omv\u00e4rldsanalys av:<\/p>\n<ul>\n<li>sammanst\u00e4llning av framtida br\u00e4nsletillg\u00e5ng, nationellt inom EU och globalt<\/li>\n<li>sammanst\u00e4llning av elproduktion under byggnad, beslutad och planerad<\/li>\n<li>djupare elbalansprognoser och exportkabelkapaciteter<\/li>\n<\/ul>\n<p>Anledningen till analysen enligt Karlsson \u00e4r att s\u00e4kra kommunernas ekonomi, med en illa dold kritik av &#8220;helt okunniga politiker&#8221; som g\u00e5r i borgen f\u00f6r miljardinvesteringar p\u00e5 energiomr\u00e5det.<\/p>\n<p>Jag t\u00e4nker inte bl\u00e5sa p\u00e5 politikerf\u00f6raktet. Tv\u00e4rtom har politiker och tj\u00e4nstem\u00e4n mer eller mindre om\u00f6jliga krav p\u00e5 sig. Och utan att \u00f6verdriva nyttan av omv\u00e4rldsanalys och omv\u00e4rldsbevakning, s\u00e5 h\u00e5ller jag med om att smer kunskap och st\u00f6rre insikt ger v\u00e5ra beslutsfattare b\u00e4ttre f\u00f6ruts\u00e4ttningar att s\u00e4kerst\u00e4lle den kommmunala energiproduktionen p\u00e5 l\u00e4ngre sikt.<\/p>\n<p>Tv\u00e4rtom, r\u00e4tt utf\u00f6rda omv\u00e4rldsanalyser handlar ju om att skapa kunskap och insikt hos beslutsfattare.<\/p>\n","protected":false},"excerpt":{"rendered":"<p>I en debattartikel i Blekinge L\u00e4ns Tidning (2007-05-29) m\u00e5las kommunal [&hellip;]<\/p>\n","protected":false},"author":1,"featured_media":0,"comment_status":"closed","ping_status":"open","sticky":false,"template":"","format":"standard","meta":[],"categories":[228,230,275],"tags":[660,662,715],"_links":{"self":[{"href":"https:\/\/lerdell.com\/wp-json\/wp\/v2\/posts\/30"}],"collection":[{"href":"https:\/\/lerdell.com\/wp-json\/wp\/v2\/posts"}],"about":[{"href":"https:\/\/lerdell.com\/wp-json\/wp\/v2\/types\/post"}],"author":[{"embeddable":true,"href":"https:\/\/lerdell.com\/wp-json\/wp\/v2\/users\/1"}],"replies":[{"embeddable":true,"href":"https:\/\/lerdell.com\/wp-json\/wp\/v2\/comments?post=30"}],"version-history":[{"count":0,"href":"https:\/\/lerdell.com\/wp-json\/wp\/v2\/posts\/30\/revisions"}],"wp:attachment":[{"href":"https:\/\/lerdell.com\/wp-json\/wp\/v2\/media?parent=30"}],"wp:term":[{"taxonomy":"category","embeddable":true,"href":"https:\/\/lerdell.com\/wp-json\/wp\/v2\/categories?post=30"},{"taxonomy":"post_tag","embeddable":true,"href":"https:\/\/lerdell.com\/wp-json\/wp\/v2\/tags?post=30"}],"curies":[{"name":"wp","href":"https:\/\/api.w.org\/{rel}","templated":true}]}}