{"id":35,"date":"2007-10-16T14:52:53","date_gmt":"2007-10-16T13:52:53","guid":{"rendered":"http:\/\/www.lerdell.com\/2007\/omvarldsbevakning\/svenska-borsbolag-brister-i-omvarldsanalys\/"},"modified":"2007-10-16T14:52:53","modified_gmt":"2007-10-16T13:52:53","slug":"svenska-borsbolag-brister-i-omvarldsanalys","status":"publish","type":"post","link":"https:\/\/lerdell.com\/krisberedskap\/svenska-borsbolag-brister-i-omvarldsanalys\/","title":{"rendered":"Svenska b\u00f6rsbolag brister i omv\u00e4rldsanalys"},"content":{"rendered":"<p>I en unders\u00f6kning av 100 svenska b\u00f6rsbolag som f\u00f6rs\u00e4kringsbolaget If presenterat fastsl\u00e5s att bolagen har en d\u00e5lig krisberedskap, vilket till stor del beror p\u00e5 bristande omv\u00e4rldskunskap.<br \/>\nUnders\u00f6kningen visar att en tredjedel av bolagen inte definierat t\u00e4nkbara h\u00e4ndelser eller omv\u00e4rldsfaktorer som kan leda till en kris.<br \/>\nOch i det fall man utf\u00f6rt en omv\u00e4rldsanalys \u00e4r den oftast flera \u00e5r gammal. (<a href=\"http:\/\/www.e24.se\/samhallsekonomi\/sverige\/artikel_27471.e24\" target=\"_blank\" title=\"Beredskapen f\u00f6r kriser underm\u00e5lig \" rel=\"noopener noreferrer\">Beredskapen f\u00f6r kriser underm\u00e5lig, E24<\/a>.)<\/p>\n<p>Helt klart st\u00e4mmer IFs unders\u00f6kning \u00f6verens med v\u00e5ra erfarenheter. Omv\u00e4rldskunskapen i svenska bolag \u00e4r bristf\u00e4llig, men vi ser en \u00f6kande insikt bland f\u00f6retagsledningar om att kunskap om omv\u00e4rlden \u00e4r n\u00f6dv\u00e4ndig f\u00f6r framg\u00e5nsrikt f\u00f6retagande.<\/p>\n<p>Dessutom k\u00e4nner vi igen en situation med daterade omv\u00e4rldsanalyser som agerar hyllv\u00e4rmare och inte har n\u00e5gon inverkan p\u00e5 det dagliga beslutsfattandet. Det \u00e4r anledningen till att vi alltid p\u00e5pekar att en omv\u00e4rldsanalys naturligtvis \u00e4r en utm\u00e4rkt utg\u00e5ngspunkt, men f\u00f6r att insikter om omv\u00e4rlden ska leda till b\u00e4ttre beslut \u00e4r kontinuerlig omv\u00e4rldsbevakning ett m\u00e5ste.<\/p>\n<p>I artikeln omn\u00e4mns ett antal omr\u00e5den d\u00e4r omv\u00e4rldsanalys g\u00f6r nytta.<\/p>\n<ul>\n<li>Klimatf\u00f6r\u00e4ndringar som leder till naturkatastrofer.<\/li>\n<li>St\u00f6rre str\u00f6mavbrott som kan leda till avbrott i it-drift.<\/li>\n<li>Br\u00e4nder, st\u00f6lder, organiserad brottslighet.<\/li>\n<li>Kriser i samh\u00e4llet.<\/li>\n<li>Ekonomiska kriser.<\/li>\n<li>Kris hos underleverant\u00f6ren.<\/li>\n<\/ul>\n<p>Som sagt, omr\u00e5den d\u00e4r omv\u00e4rldsanalys \u00e4r en bra startpunkt &#8211; men d\u00e4r omv\u00e4rldsbevakning g\u00f6r st\u00f6rre nytta.<\/p>\n","protected":false},"excerpt":{"rendered":"<p>I en unders\u00f6kning av 100 svenska b\u00f6rsbolag som f\u00f6rs\u00e4kringsbolaget If [&hellip;]<\/p>\n","protected":false},"author":1,"featured_media":0,"comment_status":"closed","ping_status":"open","sticky":false,"template":"","format":"standard","meta":[],"categories":[182,230,232],"tags":[607,662,665],"_links":{"self":[{"href":"https:\/\/lerdell.com\/wp-json\/wp\/v2\/posts\/35"}],"collection":[{"href":"https:\/\/lerdell.com\/wp-json\/wp\/v2\/posts"}],"about":[{"href":"https:\/\/lerdell.com\/wp-json\/wp\/v2\/types\/post"}],"author":[{"embeddable":true,"href":"https:\/\/lerdell.com\/wp-json\/wp\/v2\/users\/1"}],"replies":[{"embeddable":true,"href":"https:\/\/lerdell.com\/wp-json\/wp\/v2\/comments?post=35"}],"version-history":[{"count":0,"href":"https:\/\/lerdell.com\/wp-json\/wp\/v2\/posts\/35\/revisions"}],"wp:attachment":[{"href":"https:\/\/lerdell.com\/wp-json\/wp\/v2\/media?parent=35"}],"wp:term":[{"taxonomy":"category","embeddable":true,"href":"https:\/\/lerdell.com\/wp-json\/wp\/v2\/categories?post=35"},{"taxonomy":"post_tag","embeddable":true,"href":"https:\/\/lerdell.com\/wp-json\/wp\/v2\/tags?post=35"}],"curies":[{"name":"wp","href":"https:\/\/api.w.org\/{rel}","templated":true}]}}