{"id":39,"date":"2007-12-10T09:09:10","date_gmt":"2007-12-10T08:09:10","guid":{"rendered":"http:\/\/www.lerdell.com\/2007\/omvarldsbevakning\/tourism-intelligence-omvarldsbevakning-for-besoksnaringen\/"},"modified":"2007-12-10T09:09:10","modified_gmt":"2007-12-10T08:09:10","slug":"tourism-intelligence-omvarldsbevakning-for-besoksnaringen","status":"publish","type":"post","link":"https:\/\/lerdell.com\/besoksnaring\/tourism-intelligence-omvarldsbevakning-for-besoksnaringen\/","title":{"rendered":"Tourism Intelligence - omv\u00e4rldsbevakning f\u00f6r bes\u00f6ksn\u00e4ringen"},"content":{"rendered":"<p>Ett pressmeddelande fr\u00e5n min gamla hemstad Uppsala &#8211; <a href=\"http:\/\/regionuppsala.se\/?pageID=122&amp;newsID=167\" target=\"_blank\" title=\"Uppsala l\u00e4n ska ta f\u00f6r sig av bes\u00f6ksn\u00e4ringen\" rel=\"noopener noreferrer\">Uppsala l\u00e4n ska ta f\u00f6r sig av bes\u00f6ksn\u00e4ringen<\/a> &#8211; d\u00e4r man lyfter fram vikten av omv\u00e4rldsbvakning f\u00f6r att f\u00e5 fart p\u00e5 turismen i Uppsala l\u00e4n. Som en del i detta arbeta har man inr\u00e4ttat <a href=\"http:\/\/www.newsdesk.se\/pressroom\/investinuppsala\/pressrelease\/view\/turismakademin-i-uppsala-laen-ett-steg-naermare-elitserien-176296\" target=\"_blank\" title=\"Turismakademin \" rel=\"noopener noreferrer\">Turismakademin<\/a> som har till uppgift att \u00f6ka kunskapen inom branschen och omv\u00e4rlden.<\/p>\n<p>Detta initaitiv fick mig att minnas ett f\u00f6redrag jag lyssnade till tidigare i h\u00f6stas och som handlade om den v\u00e4xande grenen inom\u00a0kommersiellt underrt\u00e4ttelseverksamhet och\u00a0som g\u00e5r under ben\u00e4mningen Tourism Intelligence.<\/p>\n<p>Tourism Intelligence handlar om, om jag minns r\u00e4tt, att &#8220;reinvent tourism&#8221; i ett l\u00e4ge d\u00e4r massturismen hotas av f\u00f6r\u00e4ndrat kundbeteende, klimatfr\u00e5gan mm, och genom omv\u00e4rldsanalys utveckla attraktiva och h\u00e5llbara turistm\u00e5l. Jag kommer med intresse att f\u00f6lja utvecklingen av omv\u00e4rldsbevakning inriktad mot bes\u00f6ksn\u00e4ringen i allm\u00e4nhet, och Turismakademin i synnerhet.<\/p>\n","protected":false},"excerpt":{"rendered":"<p>Ett pressmeddelande fr\u00e5n min gamla hemstad Uppsala &#8211; Uppsala l\u00e4n [&hellip;]<\/p>\n","protected":false},"author":1,"featured_media":0,"comment_status":"closed","ping_status":"open","sticky":false,"template":"","format":"standard","meta":[],"categories":[24,230,232,364,366,379],"tags":[431,662,665,823,827,843],"_links":{"self":[{"href":"https:\/\/lerdell.com\/wp-json\/wp\/v2\/posts\/39"}],"collection":[{"href":"https:\/\/lerdell.com\/wp-json\/wp\/v2\/posts"}],"about":[{"href":"https:\/\/lerdell.com\/wp-json\/wp\/v2\/types\/post"}],"author":[{"embeddable":true,"href":"https:\/\/lerdell.com\/wp-json\/wp\/v2\/users\/1"}],"replies":[{"embeddable":true,"href":"https:\/\/lerdell.com\/wp-json\/wp\/v2\/comments?post=39"}],"version-history":[{"count":0,"href":"https:\/\/lerdell.com\/wp-json\/wp\/v2\/posts\/39\/revisions"}],"wp:attachment":[{"href":"https:\/\/lerdell.com\/wp-json\/wp\/v2\/media?parent=39"}],"wp:term":[{"taxonomy":"category","embeddable":true,"href":"https:\/\/lerdell.com\/wp-json\/wp\/v2\/categories?post=39"},{"taxonomy":"post_tag","embeddable":true,"href":"https:\/\/lerdell.com\/wp-json\/wp\/v2\/tags?post=39"}],"curies":[{"name":"wp","href":"https:\/\/api.w.org\/{rel}","templated":true}]}}